{"id":35610,"date":"2026-04-29T21:30:52","date_gmt":"2026-04-29T21:30:52","guid":{"rendered":"https:\/\/helenecaron.ca\/?p=35610"},"modified":"2026-04-29T21:30:54","modified_gmt":"2026-04-29T21:30:54","slug":"2025-valencia-motogp-marco-bezzecchi-gains-season-finale-pecco-bagnaia-injuries","status":"publish","type":"post","link":"https:\/\/helenecaron.ca\/fr\/2025-valencia-motogp-marco-bezzecchi-gains-season-finale-pecco-bagnaia-injuries\/","title":{"rendered":"2025 Valencia MotoGP: Marco Bezzecchi gains season finale, Pecco Bagnaia injuries"},"content":{"rendered":"<div id=\"toc\" style=\"background: #f9f9f9;border: 1px solid #aaa;display: table;margin-bottom: 1em;padding: 1em;width: 350px;\">\n<p class=\"toctitle\" style=\"font-weight: 700;text-align: center;\">Posts<\/p>\n<ul class=\"toc_list\">\n<li><a href=\"#toc-0\">Motogp valencia track location | MotoGP\u2122 Riders<\/a><\/li>\n<li><a href=\"#toc-1\">MotoGP: Far more Of Tuesday At the Huge Prix From Valencia<\/a><\/li>\n<li><a href=\"#toc-2\">Martin: My community try almost finished, but now it&#8217;s simply undertaking once again!<\/a><\/li>\n<li><a href=\"#toc-3\">QATAR<\/a><\/li>\n<\/ul>\n<\/div>\n<p>Topping Tuesday habit did increase guarantee, in a securely-manufactured career, he could only meet the requirements fifth. Sprint champ Alex Marquez cannot imitate their Friday form inside the the brand new huge prix, and you can are dropped in order to 6th during the chequered banner immediately after a last-lap overtake away from party-spouse Fermin Aldeguer. <!--more--> The newest seven-go out MotoGP Globe Winner try employed in a Lap step 1 event having Marco Bezzecchi (Aprilia Race) inside the Lombok and harm the fresh coracoid procedure and ligaments inside the correct neck. He has while the undergone functions which can be on the path to data recovery, but the guy as well as the Ducati Lenovo People features confirmed the guy won\u2019t be back focused to vie this year &#8211; in which he\u2019ll miss the Valencia Try.<\/p>\n<h2 id=\"toc-0\">Motogp valencia track location | MotoGP\u2122 Riders<\/h2>\n<p>Hiking isn\u2019t offered by Circuit Ricardo Tormo, but there are a few campgrounds along the Valencia coastline that provide a good option. When you&#8217;re travelling because of the caravan, or campervan, or just looking for finances-friendly housing, those sites render advanced organization, in addition to pitches for tents, motorhomes, as well as cabins or bungalows for additional comfort. When you&#8217;re there are numerous vehicle parking areas, reservations commonly available as the vehicle parking is actually assigned on the a first-already been, first-served foundation. Depending on where you playground, you may have to walking particular range to reach the newest routine entrance.<\/p>\n<h2 id=\"toc-1\">MotoGP: Far more Of Tuesday At the Huge Prix From Valencia<\/h2>\n<p>Even as we still don\u2019t understand what took place away from Morbidelli\u2019s angle, the consequences of the incident have been devastating. The newest Italian immediately decrease to his front after contact, pushing your to take first in the pitlane. Their later-battle charge and protected Ducati\u2019s podium streak out of ending from the 87 events, once Marquez tumbled on the buy from next which have incomprehensible steering wheel don and you may vibrations issues. Which wasn\u2019t a week-end where Bagnaia lacked rate and trundled in the back of the grid; he had been still aggressive until misfortune strike. But the fact that the guy failed to get a single point all sunday and you may decrease in order to fifth in the standings mode he are one of several larger losers within the Valencia. Honda worked tough along side seasons to solve some long-running weaknesses of the RC213V, possesses started very profitable you to also Joan Mir provides were able to discover their mojo and you will find yourself for the podium in Japan and you can Malaysia.<\/p>\n<p><img decoding=\"async\" src=\"http:\/\/www.thoroughbreddailynews.com\/wp-content\/uploads\/2017\/11\/Super-Bowl-LI-Field-Getty-Images.jpg\" alt=\"motogp valencia track location\" align=\"right\" border=\"1\" style=\"padding: 10px;\"><\/p>\n<p>Ducati are buoyed because of the Marc Marquez\u2019s trackside come back, for the Language rider capable render views before the Valencia attempt which he will not participate in. Newbie Ai Ogura topped 1st-ever MotoGP class as he set the rate on the last behavior class in the Valencia. Come across best grandstand seats or lift up your experience in MotoGP VIP Village\u2122&nbsp;hospitality at the 2026 Huge Prix of your own Valencian Community.<\/p>\n<p>The past day of official MotoGP running inside 2025 occurred to your Friday in the <a href=\"https:\/\/maxforceracing.com\/motogp\/valencia-moto-gp\/\">motogp valencia track location<\/a> Ricardo Tormo routine, involved providing the very first glimpses of the 2026 evaluation stage. Alex Marquez requires his 3rd dash victory out of 2025 inside Valencia finale prior to Pedro Acosta. That&#8217;s all on the to the-tune action to have today, but there&#8217;s plenty of response to discover others for the afternoon regarding the paddock. Pedro Acosta finished 2nd regarding the Valencia race after a courageous begin, he caused by &#8220;large golf balls&#8221;.<\/p>\n<p>Acosta couldn\u2019t keep up with Marquez regarding the last half of one&#8217;s battle, however, bagged another podium end up in the next, that have Fabio di Giannantonio finishing 3rd. Izan Guevara (BLUCRU Pramac Yamaha Moto2) and you will Alex Escrig (KLINT Give Warehouse People) done the big four for the Tuesday, as the 0.7s splits the big 21 cyclists going on the Tuesday. 2025 battle champions Aron Canet (Fantic Race) and David Alonso (CFMOTO Inde Aspar People) are regarding the starting element of qualifying. HRC Try Rider Aleix Espargaro is actually introduce for a final Honda wildcard look of the entire year, as he put the early sort of the new 2026 RC213V due to their paces in the Valencia. The newest severe information from MotoGP ringing real to have Fernandez, but away from Q1, that\u2019s a great breaking impact.<\/p>\n<p><img decoding=\"async\" src=\"https:\/\/reason.com\/wp-content\/uploads\/assets\/mc\/eric.boehm%40reason.com\/MarchMadness856.jpg\" alt=\"motogp valencia track location\" align=\"right\" border=\"1\"><\/p>\n<p>MotoGP\u2122 provides expose their 2026 diary, along with 22 exciting Grands Prix across four continents, a historical come back to Brazil, and many proper arranging change having admirers and you will cyclists planned. Routine will determine which cyclists go through right to Q2 in the Saturday&#8217;s qualifying, to your top after which afternoon&#8217;s training wearing an automated entryway. \u201cThat it decision is actually drawn with great care as well as in full coordination with your partners inside Qatar and across the paddock. All of our consideration is always the protection and you will wellbeing of everyone in it in the MotoGP, and making certain that all of the Grand Prix are brought to optimum basic.<\/p>\n<h2 id=\"toc-2\">Martin: My community try almost finished, but now it&#8217;s simply undertaking once again!<\/h2>\n<p>Bezzecchi protected the fresh release he previously need and you can kept top honors over Alex Marquez (BK8 Gresini Racing MotoGP), as the crisis unfolded in the midfield at the Change cuatro. The fresh Valencia sample is very high this season, because of the growth of the brand new 850cc\/Pirelli machines to own 2027. The brand new Valencia day form the state article-competition attempt, always kept for the Friday, is determined to happen to your step 1 December, raising then concerns about winter months. Rather, of November now will get a weekend of, that have Portimao pushed to the original Valencia go out from November. Yet not, swinging Qatar to your sunday out of 6-8 November not just variations a new Phillip Island-Sepang-Lusail triple header, plus waits the following situations from the Portimao and you may Valencia.<\/p>\n<p>The new factory Aprilia driver seized finest spot regarding the last being qualified of the 2025 campaign with a new lap list, conquering Gresini\u2019s Alex Marquez and VR46\u2019s Fabio Di Giannantonio. Pedro Acosta\u2019s (Red-colored Bull KTM Warehouse Rushing) latest sunday of the year been that have P8 as the Fabio Di Giannantonio (Pertamina Enduro VR46 Rushing People) bagged P9. A stand-out performer is actually the fresh V4-energy Yamaha YZR-M1 away from Augusto Fernandez (Yamaha Facility Rushing Group) which took tenth. Even though Franco Morbidelli have both confronted unjust complaint this year dependent for the their reputation rather than their to your-track actions, the new events of one&#8217;s Valencia GP shown defectively on the him. Fabio di Giannantonio is actually the brand new unheralded champion in the Valencia, claiming 1st double podium (dash and you may Week-end competition) as the Qatar 2023, in which the guy obtained their maiden grand prix winnings. His people-mate Luca Marini and is definitely worth loads of identification to own his steady shows.<\/p>\n<h2 id=\"toc-3\">QATAR<\/h2>\n<p>Offer sunscreen, a cap, specs and you can ear canal protection, as the Foreign-language sun will likely be serious, and MotoGP cycles are very loud. SaturdayA 29-time Free Routine prospects to the qualifying, form the newest grid for the Dash battle and you will Week-end\u2019s Huge Prix. The new Dash, work at at the half of the new competition distance, also offers brutal battles and things for the better nine. The new Valencia MotoGP Grand Prix marks the brand new exciting conclusion of the season, delivering three days from intense racing in the Circuit Ricardo Tormo.<\/p>","protected":false},"excerpt":{"rendered":"<p>Posts Motogp valencia track location | MotoGP\u2122 Riders MotoGP: Far more Of Tuesday At the Huge Prix From Valencia Martin: [&hellip;]<\/p>\n","protected":false},"author":10,"featured_media":0,"comment_status":"closed","ping_status":"open","sticky":false,"template":"","format":"standard","meta":{"site-sidebar-layout":"default","site-content-layout":"","ast-site-content-layout":"default","site-content-style":"default","site-sidebar-style":"default","ast-global-header-display":"","ast-banner-title-visibility":"","ast-main-header-display":"","ast-hfb-above-header-display":"","ast-hfb-below-header-display":"","ast-hfb-mobile-header-display":"","site-post-title":"","ast-breadcrumbs-content":"","ast-featured-img":"","footer-sml-layout":"","ast-disable-related-posts":"","theme-transparent-header-meta":"","adv-header-id-meta":"","stick-header-meta":"","header-above-stick-meta":"","header-main-stick-meta":"","header-below-stick-meta":"","astra-migrate-meta-layouts":"default","ast-page-background-enabled":"default","ast-page-background-meta":{"desktop":{"background-color":"var(--ast-global-color-4)","background-image":"","background-repeat":"repeat","background-position":"center center","background-size":"auto","background-attachment":"scroll","background-type":"","background-media":"","overlay-type":"","overlay-color":"","overlay-opacity":"","overlay-gradient":""},"tablet":{"background-color":"","background-image":"","background-repeat":"repeat","background-position":"center center","background-size":"auto","background-attachment":"scroll","background-type":"","background-media":"","overlay-type":"","overlay-color":"","overlay-opacity":"","overlay-gradient":""},"mobile":{"background-color":"","background-image":"","background-repeat":"repeat","background-position":"center center","background-size":"auto","background-attachment":"scroll","background-type":"","background-media":"","overlay-type":"","overlay-color":"","overlay-opacity":"","overlay-gradient":""}},"ast-content-background-meta":{"desktop":{"background-color":"var(--ast-global-color-5)","background-image":"","background-repeat":"repeat","background-position":"center center","background-size":"auto","background-attachment":"scroll","background-type":"","background-media":"","overlay-type":"","overlay-color":"","overlay-opacity":"","overlay-gradient":""},"tablet":{"background-color":"var(--ast-global-color-5)","background-image":"","background-repeat":"repeat","background-position":"center center","background-size":"auto","background-attachment":"scroll","background-type":"","background-media":"","overlay-type":"","overlay-color":"","overlay-opacity":"","overlay-gradient":""},"mobile":{"background-color":"var(--ast-global-color-5)","background-image":"","background-repeat":"repeat","background-position":"center center","background-size":"auto","background-attachment":"scroll","background-type":"","background-media":"","overlay-type":"","overlay-color":"","overlay-opacity":"","overlay-gradient":""}},"footnotes":""},"categories":[1],"tags":[],"class_list":["post-35610","post","type-post","status-publish","format-standard","hentry","category-uncategorized"],"yoast_head":"<!-- This site is optimized with the Yoast SEO plugin v27.5 - https:\/\/yoast.com\/product\/yoast-seo-wordpress\/ -->\n<title>2025 Valencia MotoGP: Marco Bezzecchi gains season finale, Pecco Bagnaia injuries - H&eacute;l&egrave;ne Caron<\/title>\n<meta name=\"description\" content=\"PostsMotogp valencia track location | MotoGP\u2122 RidersMotoGP: Far more Of Tuesday At the Huge Prix From ValenciaMartin: My community try almost finished,\" \/>\n<meta name=\"robots\" content=\"index, follow, max-snippet:-1, max-image-preview:large, max-video-preview:-1\" \/>\n<link rel=\"canonical\" href=\"https:\/\/helenecaron.ca\/fr\/2025-valencia-motogp-marco-bezzecchi-gains-season-finale-pecco-bagnaia-injuries\/\" \/>\n<meta property=\"og:locale\" content=\"fr_FR\" \/>\n<meta property=\"og:type\" content=\"article\" \/>\n<meta property=\"og:title\" content=\"2025 Valencia MotoGP: Marco Bezzecchi gains season finale, Pecco Bagnaia injuries - H&eacute;l&egrave;ne Caron\" \/>\n<meta property=\"og:description\" content=\"PostsMotogp valencia track location | MotoGP\u2122 RidersMotoGP: Far more Of Tuesday At the Huge Prix From ValenciaMartin: My community try almost finished,\" \/>\n<meta property=\"og:url\" content=\"https:\/\/helenecaron.ca\/fr\/2025-valencia-motogp-marco-bezzecchi-gains-season-finale-pecco-bagnaia-injuries\/\" \/>\n<meta property=\"og:site_name\" content=\"H&eacute;l&egrave;ne Caron\" \/>\n<meta property=\"article:published_time\" content=\"2026-04-29T21:30:52+00:00\" \/>\n<meta property=\"article:modified_time\" content=\"2026-04-29T21:30:54+00:00\" \/>\n<meta property=\"og:image\" content=\"http:\/\/www.thoroughbreddailynews.com\/wp-content\/uploads\/2017\/11\/Super-Bowl-LI-Field-Getty-Images.jpg\" \/>\n<meta name=\"author\" content=\"admlnlx\" \/>\n<meta name=\"twitter:card\" content=\"summary_large_image\" \/>\n<meta name=\"twitter:label1\" content=\"\u00c9crit par\" \/>\n\t<meta name=\"twitter:data1\" content=\"admlnlx\" \/>\n\t<meta name=\"twitter:label2\" content=\"Dur\u00e9e de lecture estim\u00e9e\" \/>\n\t<meta name=\"twitter:data2\" content=\"6 minutes\" \/>\n<script type=\"application\/ld+json\" class=\"yoast-schema-graph\">{\"@context\":\"https:\\\/\\\/schema.org\",\"@graph\":[{\"@type\":\"Article\",\"@id\":\"https:\\\/\\\/helenecaron.ca\\\/fr\\\/2025-valencia-motogp-marco-bezzecchi-gains-season-finale-pecco-bagnaia-injuries\\\/#article\",\"isPartOf\":{\"@id\":\"https:\\\/\\\/helenecaron.ca\\\/fr\\\/2025-valencia-motogp-marco-bezzecchi-gains-season-finale-pecco-bagnaia-injuries\\\/\"},\"author\":{\"name\":\"admlnlx\",\"@id\":\"https:\\\/\\\/helenecaron.ca\\\/#\\\/schema\\\/person\\\/6b0a83a68c1c64886b42200a95125cff\"},\"headline\":\"2025 Valencia MotoGP: Marco Bezzecchi gains season finale, Pecco Bagnaia injuries\",\"datePublished\":\"2026-04-29T21:30:52+00:00\",\"dateModified\":\"2026-04-29T21:30:54+00:00\",\"mainEntityOfPage\":{\"@id\":\"https:\\\/\\\/helenecaron.ca\\\/fr\\\/2025-valencia-motogp-marco-bezzecchi-gains-season-finale-pecco-bagnaia-injuries\\\/\"},\"wordCount\":1321,\"image\":{\"@id\":\"https:\\\/\\\/helenecaron.ca\\\/fr\\\/2025-valencia-motogp-marco-bezzecchi-gains-season-finale-pecco-bagnaia-injuries\\\/#primaryimage\"},\"thumbnailUrl\":\"http:\\\/\\\/www.thoroughbreddailynews.com\\\/wp-content\\\/uploads\\\/2017\\\/11\\\/Super-Bowl-LI-Field-Getty-Images.jpg\",\"articleSection\":[\"Uncategorized\"],\"inLanguage\":\"fr-FR\"},{\"@type\":\"WebPage\",\"@id\":\"https:\\\/\\\/helenecaron.ca\\\/fr\\\/2025-valencia-motogp-marco-bezzecchi-gains-season-finale-pecco-bagnaia-injuries\\\/\",\"url\":\"https:\\\/\\\/helenecaron.ca\\\/fr\\\/2025-valencia-motogp-marco-bezzecchi-gains-season-finale-pecco-bagnaia-injuries\\\/\",\"name\":\"2025 Valencia MotoGP: Marco Bezzecchi gains season finale, Pecco Bagnaia injuries - H&eacute;l&egrave;ne Caron\",\"isPartOf\":{\"@id\":\"https:\\\/\\\/helenecaron.ca\\\/#website\"},\"primaryImageOfPage\":{\"@id\":\"https:\\\/\\\/helenecaron.ca\\\/fr\\\/2025-valencia-motogp-marco-bezzecchi-gains-season-finale-pecco-bagnaia-injuries\\\/#primaryimage\"},\"image\":{\"@id\":\"https:\\\/\\\/helenecaron.ca\\\/fr\\\/2025-valencia-motogp-marco-bezzecchi-gains-season-finale-pecco-bagnaia-injuries\\\/#primaryimage\"},\"thumbnailUrl\":\"http:\\\/\\\/www.thoroughbreddailynews.com\\\/wp-content\\\/uploads\\\/2017\\\/11\\\/Super-Bowl-LI-Field-Getty-Images.jpg\",\"datePublished\":\"2026-04-29T21:30:52+00:00\",\"dateModified\":\"2026-04-29T21:30:54+00:00\",\"author\":{\"@id\":\"https:\\\/\\\/helenecaron.ca\\\/#\\\/schema\\\/person\\\/6b0a83a68c1c64886b42200a95125cff\"},\"description\":\"PostsMotogp valencia track location | MotoGP\u2122 RidersMotoGP: Far more Of Tuesday At the Huge Prix From ValenciaMartin: My community try almost finished,\",\"breadcrumb\":{\"@id\":\"https:\\\/\\\/helenecaron.ca\\\/fr\\\/2025-valencia-motogp-marco-bezzecchi-gains-season-finale-pecco-bagnaia-injuries\\\/#breadcrumb\"},\"inLanguage\":\"fr-FR\",\"potentialAction\":[{\"@type\":\"ReadAction\",\"target\":[\"https:\\\/\\\/helenecaron.ca\\\/fr\\\/2025-valencia-motogp-marco-bezzecchi-gains-season-finale-pecco-bagnaia-injuries\\\/\"]}]},{\"@type\":\"ImageObject\",\"inLanguage\":\"fr-FR\",\"@id\":\"https:\\\/\\\/helenecaron.ca\\\/fr\\\/2025-valencia-motogp-marco-bezzecchi-gains-season-finale-pecco-bagnaia-injuries\\\/#primaryimage\",\"url\":\"http:\\\/\\\/www.thoroughbreddailynews.com\\\/wp-content\\\/uploads\\\/2017\\\/11\\\/Super-Bowl-LI-Field-Getty-Images.jpg\",\"contentUrl\":\"http:\\\/\\\/www.thoroughbreddailynews.com\\\/wp-content\\\/uploads\\\/2017\\\/11\\\/Super-Bowl-LI-Field-Getty-Images.jpg\"},{\"@type\":\"BreadcrumbList\",\"@id\":\"https:\\\/\\\/helenecaron.ca\\\/fr\\\/2025-valencia-motogp-marco-bezzecchi-gains-season-finale-pecco-bagnaia-injuries\\\/#breadcrumb\",\"itemListElement\":[{\"@type\":\"ListItem\",\"position\":1,\"name\":\"Home\",\"item\":\"https:\\\/\\\/helenecaron.ca\\\/\"},{\"@type\":\"ListItem\",\"position\":2,\"name\":\"2025 Valencia MotoGP: Marco Bezzecchi gains season finale, Pecco Bagnaia injuries\"}]},{\"@type\":\"WebSite\",\"@id\":\"https:\\\/\\\/helenecaron.ca\\\/#website\",\"url\":\"https:\\\/\\\/helenecaron.ca\\\/\",\"name\":\"H&eacute;l&egrave;ne Caron\",\"description\":\"French Services Consultant\",\"potentialAction\":[{\"@type\":\"SearchAction\",\"target\":{\"@type\":\"EntryPoint\",\"urlTemplate\":\"https:\\\/\\\/helenecaron.ca\\\/?s={search_term_string}\"},\"query-input\":{\"@type\":\"PropertyValueSpecification\",\"valueRequired\":true,\"valueName\":\"search_term_string\"}}],\"inLanguage\":\"fr-FR\"},{\"@type\":\"Person\",\"@id\":\"https:\\\/\\\/helenecaron.ca\\\/#\\\/schema\\\/person\\\/6b0a83a68c1c64886b42200a95125cff\",\"name\":\"admlnlx\",\"image\":{\"@type\":\"ImageObject\",\"inLanguage\":\"fr-FR\",\"@id\":\"https:\\\/\\\/secure.gravatar.com\\\/avatar\\\/6bdca879718f2ce5f8317d45f6b946a7d76d5052c56ddd71fbbba03c5475a248?s=96&d=mm&r=g\",\"url\":\"https:\\\/\\\/secure.gravatar.com\\\/avatar\\\/6bdca879718f2ce5f8317d45f6b946a7d76d5052c56ddd71fbbba03c5475a248?s=96&d=mm&r=g\",\"contentUrl\":\"https:\\\/\\\/secure.gravatar.com\\\/avatar\\\/6bdca879718f2ce5f8317d45f6b946a7d76d5052c56ddd71fbbba03c5475a248?s=96&d=mm&r=g\",\"caption\":\"admlnlx\"},\"url\":\"https:\\\/\\\/helenecaron.ca\\\/fr\\\/author\\\/admlnlx\\\/\"}]}<\/script>\n<!-- \/ Yoast SEO plugin. -->","yoast_head_json":{"title":"2025 Valencia MotoGP: Marco Bezzecchi gains season finale, Pecco Bagnaia injuries - H&eacute;l&egrave;ne Caron","description":"PostsMotogp valencia track location | MotoGP\u2122 RidersMotoGP: Far more Of Tuesday At the Huge Prix From ValenciaMartin: My community try almost finished,","robots":{"index":"index","follow":"follow","max-snippet":"max-snippet:-1","max-image-preview":"max-image-preview:large","max-video-preview":"max-video-preview:-1"},"canonical":"https:\/\/helenecaron.ca\/fr\/2025-valencia-motogp-marco-bezzecchi-gains-season-finale-pecco-bagnaia-injuries\/","og_locale":"fr_FR","og_type":"article","og_title":"2025 Valencia MotoGP: Marco Bezzecchi gains season finale, Pecco Bagnaia injuries - H&eacute;l&egrave;ne Caron","og_description":"PostsMotogp valencia track location | MotoGP\u2122 RidersMotoGP: Far more Of Tuesday At the Huge Prix From ValenciaMartin: My community try almost finished,","og_url":"https:\/\/helenecaron.ca\/fr\/2025-valencia-motogp-marco-bezzecchi-gains-season-finale-pecco-bagnaia-injuries\/","og_site_name":"H&eacute;l&egrave;ne Caron","article_published_time":"2026-04-29T21:30:52+00:00","article_modified_time":"2026-04-29T21:30:54+00:00","og_image":[{"url":"http:\/\/www.thoroughbreddailynews.com\/wp-content\/uploads\/2017\/11\/Super-Bowl-LI-Field-Getty-Images.jpg","type":"","width":"","height":""}],"author":"admlnlx","twitter_card":"summary_large_image","twitter_misc":{"\u00c9crit par":"admlnlx","Dur\u00e9e de lecture estim\u00e9e":"6 minutes"},"schema":{"@context":"https:\/\/schema.org","@graph":[{"@type":"Article","@id":"https:\/\/helenecaron.ca\/fr\/2025-valencia-motogp-marco-bezzecchi-gains-season-finale-pecco-bagnaia-injuries\/#article","isPartOf":{"@id":"https:\/\/helenecaron.ca\/fr\/2025-valencia-motogp-marco-bezzecchi-gains-season-finale-pecco-bagnaia-injuries\/"},"author":{"name":"admlnlx","@id":"https:\/\/helenecaron.ca\/#\/schema\/person\/6b0a83a68c1c64886b42200a95125cff"},"headline":"2025 Valencia MotoGP: Marco Bezzecchi gains season finale, Pecco Bagnaia injuries","datePublished":"2026-04-29T21:30:52+00:00","dateModified":"2026-04-29T21:30:54+00:00","mainEntityOfPage":{"@id":"https:\/\/helenecaron.ca\/fr\/2025-valencia-motogp-marco-bezzecchi-gains-season-finale-pecco-bagnaia-injuries\/"},"wordCount":1321,"image":{"@id":"https:\/\/helenecaron.ca\/fr\/2025-valencia-motogp-marco-bezzecchi-gains-season-finale-pecco-bagnaia-injuries\/#primaryimage"},"thumbnailUrl":"http:\/\/www.thoroughbreddailynews.com\/wp-content\/uploads\/2017\/11\/Super-Bowl-LI-Field-Getty-Images.jpg","articleSection":["Uncategorized"],"inLanguage":"fr-FR"},{"@type":"WebPage","@id":"https:\/\/helenecaron.ca\/fr\/2025-valencia-motogp-marco-bezzecchi-gains-season-finale-pecco-bagnaia-injuries\/","url":"https:\/\/helenecaron.ca\/fr\/2025-valencia-motogp-marco-bezzecchi-gains-season-finale-pecco-bagnaia-injuries\/","name":"2025 Valencia MotoGP: Marco Bezzecchi gains season finale, Pecco Bagnaia injuries - H&eacute;l&egrave;ne Caron","isPartOf":{"@id":"https:\/\/helenecaron.ca\/#website"},"primaryImageOfPage":{"@id":"https:\/\/helenecaron.ca\/fr\/2025-valencia-motogp-marco-bezzecchi-gains-season-finale-pecco-bagnaia-injuries\/#primaryimage"},"image":{"@id":"https:\/\/helenecaron.ca\/fr\/2025-valencia-motogp-marco-bezzecchi-gains-season-finale-pecco-bagnaia-injuries\/#primaryimage"},"thumbnailUrl":"http:\/\/www.thoroughbreddailynews.com\/wp-content\/uploads\/2017\/11\/Super-Bowl-LI-Field-Getty-Images.jpg","datePublished":"2026-04-29T21:30:52+00:00","dateModified":"2026-04-29T21:30:54+00:00","author":{"@id":"https:\/\/helenecaron.ca\/#\/schema\/person\/6b0a83a68c1c64886b42200a95125cff"},"description":"PostsMotogp valencia track location | MotoGP\u2122 RidersMotoGP: Far more Of Tuesday At the Huge Prix From ValenciaMartin: My community try almost finished,","breadcrumb":{"@id":"https:\/\/helenecaron.ca\/fr\/2025-valencia-motogp-marco-bezzecchi-gains-season-finale-pecco-bagnaia-injuries\/#breadcrumb"},"inLanguage":"fr-FR","potentialAction":[{"@type":"ReadAction","target":["https:\/\/helenecaron.ca\/fr\/2025-valencia-motogp-marco-bezzecchi-gains-season-finale-pecco-bagnaia-injuries\/"]}]},{"@type":"ImageObject","inLanguage":"fr-FR","@id":"https:\/\/helenecaron.ca\/fr\/2025-valencia-motogp-marco-bezzecchi-gains-season-finale-pecco-bagnaia-injuries\/#primaryimage","url":"http:\/\/www.thoroughbreddailynews.com\/wp-content\/uploads\/2017\/11\/Super-Bowl-LI-Field-Getty-Images.jpg","contentUrl":"http:\/\/www.thoroughbreddailynews.com\/wp-content\/uploads\/2017\/11\/Super-Bowl-LI-Field-Getty-Images.jpg"},{"@type":"BreadcrumbList","@id":"https:\/\/helenecaron.ca\/fr\/2025-valencia-motogp-marco-bezzecchi-gains-season-finale-pecco-bagnaia-injuries\/#breadcrumb","itemListElement":[{"@type":"ListItem","position":1,"name":"Home","item":"https:\/\/helenecaron.ca\/"},{"@type":"ListItem","position":2,"name":"2025 Valencia MotoGP: Marco Bezzecchi gains season finale, Pecco Bagnaia injuries"}]},{"@type":"WebSite","@id":"https:\/\/helenecaron.ca\/#website","url":"https:\/\/helenecaron.ca\/","name":"H&eacute;l&egrave;ne Caron","description":"French Services Consultant","potentialAction":[{"@type":"SearchAction","target":{"@type":"EntryPoint","urlTemplate":"https:\/\/helenecaron.ca\/?s={search_term_string}"},"query-input":{"@type":"PropertyValueSpecification","valueRequired":true,"valueName":"search_term_string"}}],"inLanguage":"fr-FR"},{"@type":"Person","@id":"https:\/\/helenecaron.ca\/#\/schema\/person\/6b0a83a68c1c64886b42200a95125cff","name":"admlnlx","image":{"@type":"ImageObject","inLanguage":"fr-FR","@id":"https:\/\/secure.gravatar.com\/avatar\/6bdca879718f2ce5f8317d45f6b946a7d76d5052c56ddd71fbbba03c5475a248?s=96&d=mm&r=g","url":"https:\/\/secure.gravatar.com\/avatar\/6bdca879718f2ce5f8317d45f6b946a7d76d5052c56ddd71fbbba03c5475a248?s=96&d=mm&r=g","contentUrl":"https:\/\/secure.gravatar.com\/avatar\/6bdca879718f2ce5f8317d45f6b946a7d76d5052c56ddd71fbbba03c5475a248?s=96&d=mm&r=g","caption":"admlnlx"},"url":"https:\/\/helenecaron.ca\/fr\/author\/admlnlx\/"}]}},"_links":{"self":[{"href":"https:\/\/helenecaron.ca\/fr\/wp-json\/wp\/v2\/posts\/35610","targetHints":{"allow":["GET"]}}],"collection":[{"href":"https:\/\/helenecaron.ca\/fr\/wp-json\/wp\/v2\/posts"}],"about":[{"href":"https:\/\/helenecaron.ca\/fr\/wp-json\/wp\/v2\/types\/post"}],"author":[{"embeddable":true,"href":"https:\/\/helenecaron.ca\/fr\/wp-json\/wp\/v2\/users\/10"}],"replies":[{"embeddable":true,"href":"https:\/\/helenecaron.ca\/fr\/wp-json\/wp\/v2\/comments?post=35610"}],"version-history":[{"count":1,"href":"https:\/\/helenecaron.ca\/fr\/wp-json\/wp\/v2\/posts\/35610\/revisions"}],"predecessor-version":[{"id":35611,"href":"https:\/\/helenecaron.ca\/fr\/wp-json\/wp\/v2\/posts\/35610\/revisions\/35611"}],"wp:attachment":[{"href":"https:\/\/helenecaron.ca\/fr\/wp-json\/wp\/v2\/media?parent=35610"}],"wp:term":[{"taxonomy":"category","embeddable":true,"href":"https:\/\/helenecaron.ca\/fr\/wp-json\/wp\/v2\/categories?post=35610"},{"taxonomy":"post_tag","embeddable":true,"href":"https:\/\/helenecaron.ca\/fr\/wp-json\/wp\/v2\/tags?post=35610"}],"curies":[{"name":"wp","href":"https:\/\/api.w.org\/{rel}","templated":true}]}}